{"id":396,"date":"2017-09-05T23:22:09","date_gmt":"2017-09-05T21:22:09","guid":{"rendered":"https:\/\/spaziomarconi.it\/?p=396"},"modified":"2022-03-14T19:06:58","modified_gmt":"2022-03-14T18:06:58","slug":"spazio-marconi-incontra-i-giovani-del-forum-mondiale-mab-unesco","status":"publish","type":"post","link":"https:\/\/spaziomarconi.it\/new\/2017\/09\/05\/spazio-marconi-incontra-i-giovani-del-forum-mondiale-mab-unesco\/","title":{"rendered":"Spazio Marconi incontra i giovani del Forum mondiale MaB UNESCO"},"content":{"rendered":"<p style=\"text-align: left;\">Comacchio apre le porte al 1\u00b0 Forum Mondiale dei giovani MaB (Man and Biosphere) UNESCO, che si terr\u00e0 nel Parco del Delta del Po dal 18 al 22 settembre 2017. Un evento unico, che unir\u00e0 sotto la bandiera universale della partecipazione, centinaia di giovani dai 18 ai 35 anni, provenienti dalle varie biosfere del mondo, con un interesse particolare nei confronti del territorio. Il forum costituisce un&#8217;opportunit\u00e0 preziosa per i ragazzi di incontrarsi, discutere e condividere strategie volte alla salvaguardia dell&#8217;unicit\u00e0 della propria biosfera, rendendosi cos\u00ec parti attive del programma MaB per promuovere una societ\u00e0 equa e sostenibile, in linea con i principi guida dell&#8217;UNESCO.<\/p>\n<div style=\"text-align:center; width:300px; margin:0 auto;\"><img loading=\"lazy\" decoding=\"async\" class=\"aligncenter size-medium wp-image-398\" src=\"https:\/\/spaziomarconi.it\/wp-content\/uploads\/2017\/09\/biosfera-delta-po-300x169.jpg\" alt=\"biosfera-delta-po\" width=\"300\" height=\"169\"><\/div>\n<p style=\"text-align: left;\">A questo proposito, l&#8217;associazione Spazio Marconi, punto di riferimento culturale e creativo del territorio comacchiese, \u00e8 pronta ad accogliere un cospicuo gruppo di rappresentanti MaB nella giornata del 20 settembre. Sar\u00e0 un&#8217;occasione per illustrare progetti e iniziative che si sono sviluppati a partire dalla nascita della struttura, in co-progettazione con il Comune di Comacchio.<br \/>\nSpazio Marconi \u00e8 anche Fab Lab, laboratorio di fabbricazione digitale, dove le idee prendono forma grazie al co-working e alla contaminazione, e in cui ognuno, cittadino, scuola o azienda che sia, pu\u00f2 dare sfogo alla propria creativit\u00e0, realizzare le proprie idee e progetti sfruttando le tecnologie e la Fabbricazione Digitale.<br \/>\nIn particolare, i rappresentanti delle biosfere Mab saranno protagonisti di un percorso poliedrico, che intreccia i fili di tecnologia e ambiente, creativit\u00e0 e territorio, con la possibilit\u00e0 di toccare con mano le strumentazioni messe a disposizione dallo spazio.<\/p>\n<p>E se \u00e8 solo una consonante a separare Mab e Fab, Spazio Marconi avviciner\u00e0 per un giorno queste due sfere che orbitano intorno all&#8217;innovazione sociale e tecnologica del territorio in cui viviamo, e verso la cui tutela non \u00e8 pi\u00f9 possibile restare indifferenti.<br \/>\nRicordiamo che dal 5 settembre il Fab Lab riapre tutti i marted\u00ec dalle 21:00 alle 23:30 e il sabato dalle 15:00 alle 19:00, con nuove idee in cantiere e un calendario di attivit\u00e0 tutte da scoprire. Seguici sulla nostra pagina <a href=\"https:\/\/www.facebook.com\/spaziomarconi\/\">Facebook<\/a>.<\/p>\n","protected":false},"excerpt":{"rendered":"<p>Comacchio apre le porte al 1\u00b0 Forum Mondiale dei giovani MaB (Man and Biosphere) UNESCO, che si terr\u00e0 nel Parco del Delta del Po dal 18 al 22 settembre 2017. Un evento unico, che unir\u00e0 sotto la bandiera universale della [&hellip;]<\/p>\n","protected":false},"author":1,"featured_media":4705,"comment_status":"closed","ping_status":"open","sticky":false,"template":"","format":"standard","meta":{"footnotes":""},"categories":[91,95,94],"tags":[],"class_list":["post-396","post","type-post","status-publish","format-standard","has-post-thumbnail","hentry","category-eventi","category-fablab","category-informazioni"],"_links":{"self":[{"href":"https:\/\/spaziomarconi.it\/new\/wp-json\/wp\/v2\/posts\/396","targetHints":{"allow":["GET"]}}],"collection":[{"href":"https:\/\/spaziomarconi.it\/new\/wp-json\/wp\/v2\/posts"}],"about":[{"href":"https:\/\/spaziomarconi.it\/new\/wp-json\/wp\/v2\/types\/post"}],"author":[{"embeddable":true,"href":"https:\/\/spaziomarconi.it\/new\/wp-json\/wp\/v2\/users\/1"}],"replies":[{"embeddable":true,"href":"https:\/\/spaziomarconi.it\/new\/wp-json\/wp\/v2\/comments?post=396"}],"version-history":[{"count":1,"href":"https:\/\/spaziomarconi.it\/new\/wp-json\/wp\/v2\/posts\/396\/revisions"}],"predecessor-version":[{"id":4706,"href":"https:\/\/spaziomarconi.it\/new\/wp-json\/wp\/v2\/posts\/396\/revisions\/4706"}],"wp:featuredmedia":[{"embeddable":true,"href":"https:\/\/spaziomarconi.it\/new\/wp-json\/wp\/v2\/media\/4705"}],"wp:attachment":[{"href":"https:\/\/spaziomarconi.it\/new\/wp-json\/wp\/v2\/media?parent=396"}],"wp:term":[{"taxonomy":"category","embeddable":true,"href":"https:\/\/spaziomarconi.it\/new\/wp-json\/wp\/v2\/categories?post=396"},{"taxonomy":"post_tag","embeddable":true,"href":"https:\/\/spaziomarconi.it\/new\/wp-json\/wp\/v2\/tags?post=396"}],"curies":[{"name":"wp","href":"https:\/\/api.w.org\/{rel}","templated":true}]}}